{"id":10057,"date":"2025-03-02T07:11:40","date_gmt":"2025-03-02T10:11:40","guid":{"rendered":"https:\/\/www.extranoticias.cl\/avisos-legales\/?p=10057"},"modified":"2025-03-01T16:51:26","modified_gmt":"2025-03-01T19:51:26","slug":"l-1157-aviso-diario-extravio-identificacion-02-03-2025","status":"publish","type":"post","link":"https:\/\/www.extranoticias.cl\/avisos-legales\/l-1157-aviso-diario-extravio-identificacion-02-03-2025\/","title":{"rendered":"P\u00c9RDIDA DE TARJETA DE IDENTIFICACI\u00d3N."},"content":{"rendered":"<p>Se da aviso de extrav\u00edo de T.I.P. (tarjeta de identificaci\u00f3n profesional) el d\u00eda MI\u00c9RCOLES 19 DE FEBRERO de este a\u00f1o 2025, la cual pertenece a un funcionario activo de Gendarmer\u00eda de Chile, a nombre de ELIZABETH DEL CARMEN SEP\u00daLVEDA GUEVARA, sustra\u00eddo en terminal de buses Victoria. Se solicita a quien encuentre dicha tarjeta, haga entrega de \u00e9sta en la comisar\u00eda de Carabineros m\u00e1s cercana, ya que su uso indebido est\u00e1 penado por la ley.<\/p>\n","protected":false},"excerpt":{"rendered":"<p>Se da aviso de extrav\u00edo de T.I.P. (tarjeta de identificaci\u00f3n profesional) el d\u00eda MI\u00c9RCOLES 19 DE FEBRERO de este a\u00f1o 2025, la cual pertenece a un funcionario activo de Gendarmer\u00eda de Chile, a nombre<\/p>\n","protected":false},"author":1001010,"featured_media":0,"comment_status":"open","ping_status":"open","sticky":false,"template":"","format":"standard","meta":{"_acf_changed":false,"footnotes":""},"categories":[78,268,77],"tags":[135,416,226,218,209,196,187,183,151,50,124,122,114,103,84,83,82],"class_list":["post-10057","post","type-post","status-publish","format-standard","hentry","category-identificacion-y-credenciales","category-extravios","category-centrar-titulo","tag-amplia","tag-gendarmeria-de-chile","tag-clasificados","tag-cobertura","tag-chile","tag-tip","tag-diario-digital","tag-legal","tag-electronico","tag-extravio","tag-extraviado","tag-destacado","tag-devolucion","tag-cheques","tag-aviso","tag-circulacion-nacional","tag-diario"],"acf":[],"_links":{"self":[{"href":"https:\/\/www.extranoticias.cl\/avisos-legales\/wp-json\/wp\/v2\/posts\/10057","targetHints":{"allow":["GET"]}}],"collection":[{"href":"https:\/\/www.extranoticias.cl\/avisos-legales\/wp-json\/wp\/v2\/posts"}],"about":[{"href":"https:\/\/www.extranoticias.cl\/avisos-legales\/wp-json\/wp\/v2\/types\/post"}],"author":[{"embeddable":true,"href":"https:\/\/www.extranoticias.cl\/avisos-legales\/wp-json\/wp\/v2\/users\/1001010"}],"replies":[{"embeddable":true,"href":"https:\/\/www.extranoticias.cl\/avisos-legales\/wp-json\/wp\/v2\/comments?post=10057"}],"version-history":[{"count":0,"href":"https:\/\/www.extranoticias.cl\/avisos-legales\/wp-json\/wp\/v2\/posts\/10057\/revisions"}],"wp:attachment":[{"href":"https:\/\/www.extranoticias.cl\/avisos-legales\/wp-json\/wp\/v2\/media?parent=10057"}],"wp:term":[{"taxonomy":"category","embeddable":true,"href":"https:\/\/www.extranoticias.cl\/avisos-legales\/wp-json\/wp\/v2\/categories?post=10057"},{"taxonomy":"post_tag","embeddable":true,"href":"https:\/\/www.extranoticias.cl\/avisos-legales\/wp-json\/wp\/v2\/tags?post=10057"}],"curies":[{"name":"wp","href":"https:\/\/api.w.org\/{rel}","templated":true}]}}