{"id":10146,"date":"2025-04-04T07:21:53","date_gmt":"2025-04-04T10:21:53","guid":{"rendered":"https:\/\/www.extranoticias.cl\/avisos-legales\/?p=10146"},"modified":"2025-04-03T18:37:17","modified_gmt":"2025-04-03T21:37:17","slug":"l-1166-aviso-asamblea-diario-circulacion-nacional-04-04-2025","status":"publish","type":"post","link":"https:\/\/www.extranoticias.cl\/avisos-legales\/l-1166-aviso-asamblea-diario-circulacion-nacional-04-04-2025\/","title":{"rendered":"CITACI\u00d3N ASAMBLEA GENERAL EXTRAORDINARIA ONG BIOTANDINA"},"content":{"rendered":"<p>Se cita a todas las socias y socios de la ONG Biotandina a una Asamblea General Extraordinaria el d\u00eda viernes 11 de abril de 2025, en Francisco Bilbao 3717 depto 2001, Iquique, comuna de Iquique, Regi\u00f3n de Tarapac\u00e1, a las 16:00 hrs. para tratar los siguientes temas:<\/p>\n<p>\u2043 Incorporaci\u00f3n de nuevos socios.<br \/>\n\u2043 Renuncia miembros de la directiva y socios.<br \/>\n\u2043 Elecci\u00f3n Directorio.<br \/>\n\u2043 Modificaci\u00f3n de los Estatutos. <br \/>\n\u2043 Otros.<\/p>\n<p>Atte,<br \/>\nSecretario del Directorio.<\/p>\n","protected":false},"excerpt":{"rendered":"<p>Se cita a todas las socias y socios de la ONG Biotandina a una Asamblea General Extraordinaria el d\u00eda viernes 11 de abril de 2025, en Francisco Bilbao 3717 depto 2001, Iquique, comuna de<\/p>\n","protected":false},"author":1001010,"featured_media":0,"comment_status":"open","ping_status":"open","sticky":false,"template":"","format":"standard","meta":{"_acf_changed":false,"footnotes":""},"categories":[5,81],"tags":[82,83,84,93,103,122,135,136,151,183,187,209,218,226,395],"class_list":["post-10146","post","type-post","status-publish","format-standard","hentry","category-citaciones","category-accionistas","tag-diario","tag-circulacion-nacional","tag-aviso","tag-citacion","tag-cheques","tag-destacado","tag-amplia","tag-asamblea","tag-electronico","tag-legal","tag-diario-digital","tag-chile","tag-cobertura","tag-clasificados","tag-ong-biotandina"],"acf":[],"_links":{"self":[{"href":"https:\/\/www.extranoticias.cl\/avisos-legales\/wp-json\/wp\/v2\/posts\/10146","targetHints":{"allow":["GET"]}}],"collection":[{"href":"https:\/\/www.extranoticias.cl\/avisos-legales\/wp-json\/wp\/v2\/posts"}],"about":[{"href":"https:\/\/www.extranoticias.cl\/avisos-legales\/wp-json\/wp\/v2\/types\/post"}],"author":[{"embeddable":true,"href":"https:\/\/www.extranoticias.cl\/avisos-legales\/wp-json\/wp\/v2\/users\/1001010"}],"replies":[{"embeddable":true,"href":"https:\/\/www.extranoticias.cl\/avisos-legales\/wp-json\/wp\/v2\/comments?post=10146"}],"version-history":[{"count":0,"href":"https:\/\/www.extranoticias.cl\/avisos-legales\/wp-json\/wp\/v2\/posts\/10146\/revisions"}],"wp:attachment":[{"href":"https:\/\/www.extranoticias.cl\/avisos-legales\/wp-json\/wp\/v2\/media?parent=10146"}],"wp:term":[{"taxonomy":"category","embeddable":true,"href":"https:\/\/www.extranoticias.cl\/avisos-legales\/wp-json\/wp\/v2\/categories?post=10146"},{"taxonomy":"post_tag","embeddable":true,"href":"https:\/\/www.extranoticias.cl\/avisos-legales\/wp-json\/wp\/v2\/tags?post=10146"}],"curies":[{"name":"wp","href":"https:\/\/api.w.org\/{rel}","templated":true}]}}