{"id":10193,"date":"2025-04-11T07:21:53","date_gmt":"2025-04-11T11:21:53","guid":{"rendered":"https:\/\/www.extranoticias.cl\/avisos-legales\/?p=10193"},"modified":"2025-04-10T19:48:38","modified_gmt":"2025-04-10T23:48:38","slug":"l-1169-aviso-asamblea-diario-circulacion-nacional-11-04-2025","status":"publish","type":"post","link":"https:\/\/www.extranoticias.cl\/avisos-legales\/l-1169-aviso-asamblea-diario-circulacion-nacional-11-04-2025\/","title":{"rendered":"CITACI\u00d3N ASAMBLEA GENERAL ORDINARIA ONG BIOTANDINA"},"content":{"rendered":"<p>Se cita a todas las socias\/os de la ONG Biotandina a una Asamblea General Ordinaria el d\u00eda jueves 17 de abril de 2025, en Francisco Bilbao 3717 depto 2001, Iquique, Regi\u00f3n de Tarapac\u00e1, a las 16:00 hrs. para tratar los siguientes temas:<\/p>\n<p>\u2013 Presentaci\u00f3n Balance, Inventario y Memoria del ejercicio anterior.<br \/>\n\u2013 Incorporaci\u00f3n nuevos socios. <br \/>\n\u2013 Renuncia miembros de la directiva y socios. <br \/>\n\u2013 Elecci\u00f3n Directorio. <br \/>\n\u2013 Otros.<\/p>\n<p>Atte, Secretario del Directorio.<\/p>\n","protected":false},"excerpt":{"rendered":"<p>Se cita a todas las socias\/os de la ONG Biotandina a una Asamblea General Ordinaria el d\u00eda jueves 17 de abril de 2025, en Francisco Bilbao 3717 depto 2001, Iquique, Regi\u00f3n de Tarapac\u00e1, a<\/p>\n","protected":false},"author":4,"featured_media":0,"comment_status":"open","ping_status":"open","sticky":false,"template":"","format":"standard","meta":{"_acf_changed":false,"footnotes":""},"categories":[5],"tags":[82,83,84,93,103,122,135,136,151,183,187,209,218,226,395],"class_list":["post-10193","post","type-post","status-publish","format-standard","hentry","category-citaciones","tag-diario","tag-circulacion-nacional","tag-aviso","tag-citacion","tag-cheques","tag-destacado","tag-amplia","tag-asamblea","tag-electronico","tag-legal","tag-diario-digital","tag-chile","tag-cobertura","tag-clasificados","tag-ong-biotandina"],"acf":[],"_links":{"self":[{"href":"https:\/\/www.extranoticias.cl\/avisos-legales\/wp-json\/wp\/v2\/posts\/10193","targetHints":{"allow":["GET"]}}],"collection":[{"href":"https:\/\/www.extranoticias.cl\/avisos-legales\/wp-json\/wp\/v2\/posts"}],"about":[{"href":"https:\/\/www.extranoticias.cl\/avisos-legales\/wp-json\/wp\/v2\/types\/post"}],"author":[{"embeddable":true,"href":"https:\/\/www.extranoticias.cl\/avisos-legales\/wp-json\/wp\/v2\/users\/4"}],"replies":[{"embeddable":true,"href":"https:\/\/www.extranoticias.cl\/avisos-legales\/wp-json\/wp\/v2\/comments?post=10193"}],"version-history":[{"count":0,"href":"https:\/\/www.extranoticias.cl\/avisos-legales\/wp-json\/wp\/v2\/posts\/10193\/revisions"}],"wp:attachment":[{"href":"https:\/\/www.extranoticias.cl\/avisos-legales\/wp-json\/wp\/v2\/media?parent=10193"}],"wp:term":[{"taxonomy":"category","embeddable":true,"href":"https:\/\/www.extranoticias.cl\/avisos-legales\/wp-json\/wp\/v2\/categories?post=10193"},{"taxonomy":"post_tag","embeddable":true,"href":"https:\/\/www.extranoticias.cl\/avisos-legales\/wp-json\/wp\/v2\/tags?post=10193"}],"curies":[{"name":"wp","href":"https:\/\/api.w.org\/{rel}","templated":true}]}}