{"id":10201,"date":"2025-04-22T07:18:45","date_gmt":"2025-04-22T11:18:45","guid":{"rendered":"https:\/\/www.extranoticias.cl\/avisos-legales\/?p=10201"},"modified":"2025-04-15T17:13:10","modified_gmt":"2025-04-15T21:13:10","slug":"u0425-aviso-junta-accionistas-circulacion-nacional-22-04-2025","status":"publish","type":"post","link":"https:\/\/www.extranoticias.cl\/avisos-legales\/u0425-aviso-junta-accionistas-circulacion-nacional-22-04-2025\/","title":{"rendered":"UNI\u00d3N INMOBILIARIA S.A. <br>Sociedad an\u00f3nima abierta inscrita en el Reg. de Valores bajo el N\u00ba 250 <br>JUNTA GENERAL ORDINARIA DE ACCIONISTAS"},"content":{"rendered":"<a class=\"fullscreen-mode\" href=\"https:\/\/www.extranoticias.cl\/avisos-legales\/pdfviewer\/u0425-union-inmobiliaria-junta-general-ordinaria-accionistas-pdf\/\" target=\"_blank\">Pantalla Completa<\/a><br><iframe loading=\"lazy\" class=\"pvfw-pdf-viewer-frame\" width=\"100%\" height=\"800\" src=\"https:\/\/www.extranoticias.cl\/avisos-legales\/pdfviewer\/u0425-union-inmobiliaria-junta-general-ordinaria-accionistas-pdf\/\" title=\"\"><\/iframe>\n","protected":false},"excerpt":{"rendered":"<p>Por acuerdo de Directorio, citase a Junta General Ordinaria de Accionistas en primera citaci\u00f3n, para el d\u00eda 30 de abril del 2025 a las 10:00 hrs. y en segunda citaci\u00f3n para el mismo d\u00eda a las 12:00 hrs, a celebrarse en el domicilio social, Avda. Lib. Bdo. O'Higgins N\u00ba1091, (Nueva York 24) comuna de Santiago. <\/p>\n","protected":false},"author":4,"featured_media":0,"comment_status":"open","ping_status":"open","sticky":false,"template":"","format":"standard","meta":{"_acf_changed":false,"footnotes":""},"categories":[5,81,37,259,260],"tags":[32,82,83,84,93,122,135,151,183,187,209,218,226,253],"class_list":["post-10201","post","type-post","status-publish","format-standard","hentry","category-citaciones","category-accionistas","category-sin-titulo-single","category-mayulibre","category-centra-index","tag-union-inmobiliaria","tag-diario","tag-circulacion-nacional","tag-aviso","tag-citacion","tag-destacado","tag-amplia","tag-electronico","tag-legal","tag-diario-digital","tag-chile","tag-cobertura","tag-clasificados","tag-joa"],"acf":[],"_links":{"self":[{"href":"https:\/\/www.extranoticias.cl\/avisos-legales\/wp-json\/wp\/v2\/posts\/10201","targetHints":{"allow":["GET"]}}],"collection":[{"href":"https:\/\/www.extranoticias.cl\/avisos-legales\/wp-json\/wp\/v2\/posts"}],"about":[{"href":"https:\/\/www.extranoticias.cl\/avisos-legales\/wp-json\/wp\/v2\/types\/post"}],"author":[{"embeddable":true,"href":"https:\/\/www.extranoticias.cl\/avisos-legales\/wp-json\/wp\/v2\/users\/4"}],"replies":[{"embeddable":true,"href":"https:\/\/www.extranoticias.cl\/avisos-legales\/wp-json\/wp\/v2\/comments?post=10201"}],"version-history":[{"count":0,"href":"https:\/\/www.extranoticias.cl\/avisos-legales\/wp-json\/wp\/v2\/posts\/10201\/revisions"}],"wp:attachment":[{"href":"https:\/\/www.extranoticias.cl\/avisos-legales\/wp-json\/wp\/v2\/media?parent=10201"}],"wp:term":[{"taxonomy":"category","embeddable":true,"href":"https:\/\/www.extranoticias.cl\/avisos-legales\/wp-json\/wp\/v2\/categories?post=10201"},{"taxonomy":"post_tag","embeddable":true,"href":"https:\/\/www.extranoticias.cl\/avisos-legales\/wp-json\/wp\/v2\/tags?post=10201"}],"curies":[{"name":"wp","href":"https:\/\/api.w.org\/{rel}","templated":true}]}}