{"id":10235,"date":"2025-05-05T10:42:07","date_gmt":"2025-05-05T14:42:07","guid":{"rendered":"https:\/\/www.extranoticias.cl\/avisos-legales\/?p=10235"},"modified":"2025-05-05T10:42:07","modified_gmt":"2025-05-05T14:42:07","slug":"l-1173-publicar-aviso-extravio-credencial-direccion-del-trabajo-05-05-2025","status":"publish","type":"post","link":"https:\/\/www.extranoticias.cl\/avisos-legales\/l-1173-publicar-aviso-extravio-credencial-direccion-del-trabajo-05-05-2025\/","title":{"rendered":"EXTRAV\u00cdO CREDENCIAL INSTITUCIONAL Y TIMBRE"},"content":{"rendered":"<p>Se deja constancia del robo ocurrido el d\u00eda 25-04-2025 de credencial institucional y timbre de la Direcci\u00f3n del Trabajo asociado al RUT: 15.888.417-8, n\u00famero de parte CV027425 de Comisar\u00eda Virtual.<\/p>\n<p>Se publica este aviso para evitar mal uso de instrumento p\u00fablico.<\/p>\n","protected":false},"excerpt":{"rendered":"<p>Se deja constancia del robo ocurrido el d\u00eda 25-04-2025 de credencial institucional y timbre de la Direcci\u00f3n del Trabajo asociado al RUT: 15.888.417-8, n\u00famero de parte CV027425 de Comisar\u00eda Virtual. Se publica este aviso<\/p>\n","protected":false},"author":1001010,"featured_media":0,"comment_status":"open","ping_status":"open","sticky":false,"template":"","format":"standard","meta":{"_acf_changed":false,"footnotes":""},"categories":[78,268],"tags":[50,82,83,84,122,124,135,151,183,187,195,209,218,226,468],"class_list":["post-10235","post","type-post","status-publish","format-standard","hentry","category-identificacion-y-credenciales","category-extravios","tag-extravio","tag-diario","tag-circulacion-nacional","tag-aviso","tag-destacado","tag-extraviado","tag-amplia","tag-electronico","tag-legal","tag-diario-digital","tag-credencial","tag-chile","tag-cobertura","tag-clasificados","tag-direccion-del-trabajo"],"acf":[],"_links":{"self":[{"href":"https:\/\/www.extranoticias.cl\/avisos-legales\/wp-json\/wp\/v2\/posts\/10235","targetHints":{"allow":["GET"]}}],"collection":[{"href":"https:\/\/www.extranoticias.cl\/avisos-legales\/wp-json\/wp\/v2\/posts"}],"about":[{"href":"https:\/\/www.extranoticias.cl\/avisos-legales\/wp-json\/wp\/v2\/types\/post"}],"author":[{"embeddable":true,"href":"https:\/\/www.extranoticias.cl\/avisos-legales\/wp-json\/wp\/v2\/users\/1001010"}],"replies":[{"embeddable":true,"href":"https:\/\/www.extranoticias.cl\/avisos-legales\/wp-json\/wp\/v2\/comments?post=10235"}],"version-history":[{"count":0,"href":"https:\/\/www.extranoticias.cl\/avisos-legales\/wp-json\/wp\/v2\/posts\/10235\/revisions"}],"wp:attachment":[{"href":"https:\/\/www.extranoticias.cl\/avisos-legales\/wp-json\/wp\/v2\/media?parent=10235"}],"wp:term":[{"taxonomy":"category","embeddable":true,"href":"https:\/\/www.extranoticias.cl\/avisos-legales\/wp-json\/wp\/v2\/categories?post=10235"},{"taxonomy":"post_tag","embeddable":true,"href":"https:\/\/www.extranoticias.cl\/avisos-legales\/wp-json\/wp\/v2\/tags?post=10235"}],"curies":[{"name":"wp","href":"https:\/\/api.w.org\/{rel}","templated":true}]}}