{"id":10844,"date":"2026-04-10T07:22:46","date_gmt":"2026-04-10T10:22:46","guid":{"rendered":"https:\/\/www.extranoticias.cl\/avisos-legales\/?p=10844"},"modified":"2026-03-27T19:11:06","modified_gmt":"2026-03-27T22:11:06","slug":"l-1271-aviso-citacion-junta-circulacion-nacional-10-04-2026","status":"publish","type":"post","link":"https:\/\/www.extranoticias.cl\/avisos-legales\/l-1271-aviso-citacion-junta-circulacion-nacional-10-04-2026\/","title":{"rendered":"AVISO CITACI\u00d3N JUNTA ORDINARIA DE ACCIONISTAS"},"content":{"rendered":"<p style=\"text-align: justify;\">Por acuerdo del Directorio y en conformidad a lo establecido en el C\u00f3digo de Comercio y en la Ley <span style=\"display: inline-block;\">N\u00ba 18.046<\/span> sobre Sociedades An\u00f3nimas, se cita a los se\u00f1ores accionistas de VITIVIN\u00cdCOLA CREMASCHI BARRIGA S.A. (la \u201cSociedad\u201d) a junta ordinaria de accionistas, para el d\u00eda 21 de abril del presente a\u00f1o, a las 19:30 horas en Avenida Monse\u00f1or Escriv\u00e1 de Balaguer 4673, comuna de Vitacura, Santiago, en la que se tratar\u00e1n las materias indicadas en el art\u00edculo 56 de la Ley <span style=\"display: inline-block;\">N\u00ba 18.046<\/span> sobre Sociedades An\u00f3nimas. La calificaci\u00f3n de poderes, si procediere, se efectuar\u00e1 el mismo d\u00eda y lugar en que se celebrar\u00e1 la mencionada junta, a la hora en que \u00e9sta deba iniciarse.<\/p>\n<p style=\"text-align: right; margin-right: 15%; margin-top: 70px;\">GERENTE GENERAL<\/p>\n","protected":false},"excerpt":{"rendered":"<p>Por acuerdo del Directorio y en conformidad a lo establecido en el C\u00f3digo de Comercio y en la Ley N\u00ba 18.046 sobre Sociedades An\u00f3nimas, se cita a los se\u00f1ores accionistas de VITIVIN\u00cdCOLA CREMASCHI BARRIGA S.A. (la \u201cSociedad\u201d) a junta ordinaria de accionistas, para el d\u00eda 21 de abril del presente a\u00f1o, a las 19:30 horas en Avenida Monse\u00f1or Escriv\u00e1 de Balaguer 4673, comuna de Vitacura<\/p>\n","protected":false},"author":4,"featured_media":10153,"comment_status":"open","ping_status":"open","sticky":false,"template":"","format":"standard","meta":{"_acf_changed":false,"footnotes":""},"categories":[5,81,77,260],"tags":[82,83,84,122,135,151,183,187,209,218,226,497],"class_list":["post-10844","post","type-post","status-publish","format-standard","has-post-thumbnail","hentry","category-citaciones","category-accionistas","category-centrar-titulo","category-centra-index","tag-diario","tag-circulacion-nacional","tag-aviso","tag-destacado","tag-amplia","tag-electronico","tag-legal","tag-diario-digital","tag-chile","tag-cobertura","tag-clasificados","tag-junta-de-accionistas"],"acf":[],"_links":{"self":[{"href":"https:\/\/www.extranoticias.cl\/avisos-legales\/wp-json\/wp\/v2\/posts\/10844","targetHints":{"allow":["GET"]}}],"collection":[{"href":"https:\/\/www.extranoticias.cl\/avisos-legales\/wp-json\/wp\/v2\/posts"}],"about":[{"href":"https:\/\/www.extranoticias.cl\/avisos-legales\/wp-json\/wp\/v2\/types\/post"}],"author":[{"embeddable":true,"href":"https:\/\/www.extranoticias.cl\/avisos-legales\/wp-json\/wp\/v2\/users\/4"}],"replies":[{"embeddable":true,"href":"https:\/\/www.extranoticias.cl\/avisos-legales\/wp-json\/wp\/v2\/comments?post=10844"}],"version-history":[{"count":0,"href":"https:\/\/www.extranoticias.cl\/avisos-legales\/wp-json\/wp\/v2\/posts\/10844\/revisions"}],"wp:featuredmedia":[{"embeddable":true,"href":"https:\/\/www.extranoticias.cl\/avisos-legales\/wp-json\/wp\/v2\/media\/10153"}],"wp:attachment":[{"href":"https:\/\/www.extranoticias.cl\/avisos-legales\/wp-json\/wp\/v2\/media?parent=10844"}],"wp:term":[{"taxonomy":"category","embeddable":true,"href":"https:\/\/www.extranoticias.cl\/avisos-legales\/wp-json\/wp\/v2\/categories?post=10844"},{"taxonomy":"post_tag","embeddable":true,"href":"https:\/\/www.extranoticias.cl\/avisos-legales\/wp-json\/wp\/v2\/tags?post=10844"}],"curies":[{"name":"wp","href":"https:\/\/api.w.org\/{rel}","templated":true}]}}