{"id":2283,"date":"2019-04-08T00:01:25","date_gmt":"2019-04-08T03:01:25","guid":{"rendered":"http:\/\/www.extranoticias.cl\/avisos-legales\/?p=2283"},"modified":"2019-04-01T19:53:38","modified_gmt":"2019-04-01T22:53:38","slug":"union-inmobiliaria-s-a-balance-general","status":"publish","type":"post","link":"https:\/\/www.extranoticias.cl\/avisos-legales\/union-inmobiliaria-s-a-balance-general\/","title":{"rendered":"UNI\u00d3N INMOBILIARIA S.A. <br>BALANCE GENERAL"},"content":{"rendered":"<a class=\"fullscreen-mode\" href=\"https:\/\/www.extranoticias.cl\/avisos-legales\/themencode-pdf-viewer-sc\/?tnc_pvfw=ZmlsZT1odHRwczovL3d3dy5leHRyYW5vdGljaWFzLmNsL2F2aXNvcy1sZWdhbGVzL3dwLWNvbnRlbnQvdXBsb2Fkcy9zaXRlcy8yLzIwMTkvMDQvYmFsYW5jZS1yZXN1bWlkby11bmlvbi1pbm1vYmlsaWFyaWEtYWJyaWwtMjAxOS5wZGYmc2V0dGluZ3M9MTExMTAxMDExMTExMTExMTEwMCZsYW5nPWVzLUNM#page=&#038;zoom=auto&#038;pagemode=none\" target=\"_blank\">Pantalla Completa<\/a><br><iframe loading=\"lazy\" class=\"pvfw-pdf-viewer-frame\" width=\"\" height=\"\" src=\"https:\/\/www.extranoticias.cl\/avisos-legales\/themencode-pdf-viewer-sc\/?tnc_pvfw=ZmlsZT1odHRwczovL3d3dy5leHRyYW5vdGljaWFzLmNsL2F2aXNvcy1sZWdhbGVzL3dwLWNvbnRlbnQvdXBsb2Fkcy9zaXRlcy8yLzIwMTkvMDQvYmFsYW5jZS1yZXN1bWlkby11bmlvbi1pbm1vYmlsaWFyaWEtYWJyaWwtMjAxOS5wZGYmc2V0dGluZ3M9MTExMTAxMDExMTExMTExMTEwMCZsYW5nPWVzLUNM#page=&#038;zoom=auto&#038;pagemode=none\" title=\"\"><\/iframe>\n","protected":false},"excerpt":{"rendered":"<p>DIRECTORIO Presidente Germ\u00e1n Ovalle Cordal Abogado Directores Le\u00f3n Vergara Guti\u00e9rrez Empresario Jorge del R\u00edo Varela Abogado Rodrigo Abalos Gana Ingeniero Comercial Carlos R. Fuenzalida Gonz\u00e1lez Ingeniero Civil ADMINISTRACI\u00d3N Gerente General Gonzalo Calvo Laso Abogado <\/p>\n","protected":false},"author":4,"featured_media":0,"comment_status":"open","ping_status":"open","sticky":false,"template":"","format":"standard","meta":{"_acf_changed":false,"footnotes":""},"categories":[4,37],"tags":[],"class_list":["post-2283","post","type-post","status-publish","format-standard","hentry","category-balances-estados-financieros","category-sin-titulo-single"],"acf":[],"_links":{"self":[{"href":"https:\/\/www.extranoticias.cl\/avisos-legales\/wp-json\/wp\/v2\/posts\/2283","targetHints":{"allow":["GET"]}}],"collection":[{"href":"https:\/\/www.extranoticias.cl\/avisos-legales\/wp-json\/wp\/v2\/posts"}],"about":[{"href":"https:\/\/www.extranoticias.cl\/avisos-legales\/wp-json\/wp\/v2\/types\/post"}],"author":[{"embeddable":true,"href":"https:\/\/www.extranoticias.cl\/avisos-legales\/wp-json\/wp\/v2\/users\/4"}],"replies":[{"embeddable":true,"href":"https:\/\/www.extranoticias.cl\/avisos-legales\/wp-json\/wp\/v2\/comments?post=2283"}],"version-history":[{"count":0,"href":"https:\/\/www.extranoticias.cl\/avisos-legales\/wp-json\/wp\/v2\/posts\/2283\/revisions"}],"wp:attachment":[{"href":"https:\/\/www.extranoticias.cl\/avisos-legales\/wp-json\/wp\/v2\/media?parent=2283"}],"wp:term":[{"taxonomy":"category","embeddable":true,"href":"https:\/\/www.extranoticias.cl\/avisos-legales\/wp-json\/wp\/v2\/categories?post=2283"},{"taxonomy":"post_tag","embeddable":true,"href":"https:\/\/www.extranoticias.cl\/avisos-legales\/wp-json\/wp\/v2\/tags?post=2283"}],"curies":[{"name":"wp","href":"https:\/\/api.w.org\/{rel}","templated":true}]}}