{"id":246,"date":"2010-05-04T00:00:49","date_gmt":"2010-05-04T03:00:49","guid":{"rendered":"http:\/\/www.extranoticias.cl\/avisos-legales\/?p=246"},"modified":"2010-05-04T00:00:49","modified_gmt":"2010-05-04T03:00:49","slug":"titular-raul-cesar-marfull-rojas","status":"publish","type":"post","link":"https:\/\/www.extranoticias.cl\/avisos-legales\/titular-raul-cesar-marfull-rojas\/","title":{"rendered":"Titular: RA\u00daL C\u00c9SAR MARFULL ROJAS"},"content":{"rendered":"<table style=\"text-align: left;margin-bottom: 10px\" border=\"1\" cellspacing=\"0\" cellpadding=\"2\">\n<tbody>\n<tr>\n<td width=\"240\" height=\"auto\">\n<div style=\"margin: 6px\">NULO POR EXTRAV\u00cdO<\/div>\n<\/td>\n<td width=\"350\" height=\"auto\">\n<div style=\"margin: 6px\">T\u00edtulo N\u00ba\u00a06110 Por una acci\u00f3n de<br \/>\nUNION INMOBILIARIA S.A.<\/div>\n<\/td>\n<\/tr>\n<\/tbody>\n<\/table>\n<p><strong>Per\u00edodo de Publicaci\u00f3n:<\/strong> Martes\u00a04 de\u00a0mayo de 2010<\/p>\n","protected":false},"excerpt":{"rendered":"<p>NULO POR EXTRAV\u00cdO T\u00edtulo N\u00ba\u00a06110 Por una acci\u00f3n de UNION INMOBILIARIA S.A. Per\u00edodo de Publicaci\u00f3n: Martes\u00a04 de\u00a0mayo de 2010<\/p>\n","protected":false},"author":4,"featured_media":0,"comment_status":"closed","ping_status":"open","sticky":false,"template":"","format":"standard","meta":{"_acf_changed":false,"footnotes":""},"categories":[2],"tags":[],"class_list":["post-246","post","type-post","status-publish","format-standard","hentry","category-archivo"],"acf":[],"_links":{"self":[{"href":"https:\/\/www.extranoticias.cl\/avisos-legales\/wp-json\/wp\/v2\/posts\/246","targetHints":{"allow":["GET"]}}],"collection":[{"href":"https:\/\/www.extranoticias.cl\/avisos-legales\/wp-json\/wp\/v2\/posts"}],"about":[{"href":"https:\/\/www.extranoticias.cl\/avisos-legales\/wp-json\/wp\/v2\/types\/post"}],"author":[{"embeddable":true,"href":"https:\/\/www.extranoticias.cl\/avisos-legales\/wp-json\/wp\/v2\/users\/4"}],"replies":[{"embeddable":true,"href":"https:\/\/www.extranoticias.cl\/avisos-legales\/wp-json\/wp\/v2\/comments?post=246"}],"version-history":[{"count":0,"href":"https:\/\/www.extranoticias.cl\/avisos-legales\/wp-json\/wp\/v2\/posts\/246\/revisions"}],"wp:attachment":[{"href":"https:\/\/www.extranoticias.cl\/avisos-legales\/wp-json\/wp\/v2\/media?parent=246"}],"wp:term":[{"taxonomy":"category","embeddable":true,"href":"https:\/\/www.extranoticias.cl\/avisos-legales\/wp-json\/wp\/v2\/categories?post=246"},{"taxonomy":"post_tag","embeddable":true,"href":"https:\/\/www.extranoticias.cl\/avisos-legales\/wp-json\/wp\/v2\/tags?post=246"}],"curies":[{"name":"wp","href":"https:\/\/api.w.org\/{rel}","templated":true}]}}