{"id":319,"date":"2011-05-20T00:00:30","date_gmt":"2011-05-20T04:00:30","guid":{"rendered":"http:\/\/www.extranoticias.cl\/avisos-legales\/?p=319"},"modified":"2020-07-22T01:43:30","modified_gmt":"2020-07-22T05:43:30","slug":"union-inmobiliaria-s-a-2","status":"publish","type":"post","link":"https:\/\/www.extranoticias.cl\/avisos-legales\/union-inmobiliaria-s-a-2\/","title":{"rendered":"UNI\u00d3N INMOBILIARIA S.A."},"content":{"rendered":"<p style=\"text-align: center;\"><strong>Sociedad an\u00f3nima abierta inscrita en el Reg. de Valores bajo el N\u00ba 250<\/strong><\/p>\n<p style=\"text-align: center;\">\n<p style=\"text-align: center;\"><strong> <\/strong><\/p>\n<p style=\"text-align: center;\"><strong> <\/strong><\/p>\n<p style=\"text-align: center;\"><span style=\"font-size: medium;\"><strong>JUNTA GENERAL ORDINARIA DE ACCIONISTAS<\/strong><\/span><\/p>\n<p style=\"text-align: justify;\">Por acuerdo de Directorio, c\u00edtase a Junta General Ordinaria de Accionistas para el d\u00eda <strong>07 de Junio del 2011<\/strong> a las 12:00 hrs. a celebrarse en el domicilio social, Avda. Lib. Bdo. O'Higgins N\u00ba 1091, comuna de Santiago, con el objeto de pronunciarse sobre materias que se contienen en la siguiente tabla:<\/p>\n<p>1.- Aprobaci\u00f3n de la Memoria y Balance 2010<\/p>\n<p>2.- Designaci\u00f3n de Auditores Externos<\/p>\n<p>3.- Operaciones art\u00edculo 44 de la Ley N\u00ba 18.046<\/p>\n<p>5.- Materias de inter\u00e9s social de competencia de la junta.<\/p>\n<p>&nbsp;<\/p>\n<p style=\"text-align: center;\"><strong> ACCIONISTAS QUE TENDR\u00c1N DERECHO A PARTICIPAR EN LA JUNTA<\/strong><\/p>\n<p style=\"text-align: justify;\">Tendr\u00e1n derecho a participar en la Junta los titulares de acciones inscritas en el Registro de Accionistas con cinco d\u00edas h\u00e1biles de anticipaci\u00f3n a aquel en que \u00e9sta se celebre.<\/p>\n<p style=\"text-align: justify;\">La calificaci\u00f3n de poderes se efectuar\u00e1 a partir de las 11:00 hrs. en el mismo lugar y fecha de celebraci\u00f3n de la junta.<\/p>\n<p style=\"text-align: center;\"><strong> PUBLICACI\u00d3N DEL BALANCE<\/strong><\/p>\n<p style=\"text-align: justify;\">El balance y dem\u00e1s estados financieros del ejercicio 2010 fueron publicados en el diario electr\u00f3nico www.extranoticias.cl del d\u00eda 11 de Abril del 2011.<\/p>\n<p>&nbsp;<\/p>\n<p style=\"text-align: justify;\">NOTA: La Memoria y Balance 2010 se public\u00f3 adem\u00e1s en la p\u00e1gina Web <a href=\"http:\/\/www.unioninmobiliaria.cl\/\">www.unioninmobiliaria.cl<\/a><\/p>\n<p>&nbsp;<\/p>\n<p>&nbsp;<\/p>\n<p style=\"text-align: right !important; margin-right: 70px;\"><strong> EL PRESIDENTE <\/strong><\/p>\n<table cellspacing=\"0\" cellpadding=\"0\" border=\"0\">\n<tbody>\n<tr>\n<td width=\"32\"><a href=\"https:\/\/www.extranoticias.cl\/avisos-legales\/wp-content\/uploads\/2\/2011\/05\/CITACION-CDU-07-junio-2011.pdf\"><img loading=\"lazy\" decoding=\"async\" class=\"size-full wp-image-302 alignleft\" style=\"margin: 0px; border-width: 0px;\" title=\"Ver Citaci\u00f3n en PDF\" src=\"https:\/\/www.extranoticias.cl\/avisos-legales\/wp-content\/uploads\/2\/2011\/04\/as-pdf.png\" alt=\"\" width=\"30\" height=\"32\" \/><\/a><\/td>\n<td valign=\"bottom\">\n<p style=\"margin: 0 0 0 2px;\"><a title=\"Citaci\u00f3n Junta Uni\u00f3n Inmobiliaria\" href=\"https:\/\/www.extranoticias.cl\/avisos-legales\/wp-content\/uploads\/2\/2011\/05\/CITACION-CDU-07-junio-2011.pdf\">Ver Citaci\u00f3n en PDF<\/a><\/p>\n<\/td>\n<\/tr>\n<\/tbody>\n<\/table>\n","protected":false},"excerpt":{"rendered":"<p>Sociedad an\u00f3nima abierta inscrita en el Reg. de Valores bajo el N\u00ba 250 JUNTA GENERAL ORDINARIA DE ACCIONISTAS Por acuerdo de Directorio, c\u00edtase a Junta General Ordinaria de Accionistas para el d\u00eda 07 de Junio del 2011 a las 12:00 hrs. a celebrarse en el domicilio social, Avda. Lib. Bdo. O'Higgins N\u00ba 1091, comuna de<a class=\"moretag\" href=\"https:\/\/www.extranoticias.cl\/avisos-legales\/union-inmobiliaria-s-a-2\/\"> ...<\/a><\/p>\n","protected":false},"author":4,"featured_media":0,"comment_status":"closed","ping_status":"closed","sticky":false,"template":"","format":"standard","meta":{"_acf_changed":false,"footnotes":""},"categories":[5,77],"tags":[],"class_list":["post-319","post","type-post","status-publish","format-standard","hentry","category-citaciones","category-centrar-titulo"],"acf":[],"_links":{"self":[{"href":"https:\/\/www.extranoticias.cl\/avisos-legales\/wp-json\/wp\/v2\/posts\/319","targetHints":{"allow":["GET"]}}],"collection":[{"href":"https:\/\/www.extranoticias.cl\/avisos-legales\/wp-json\/wp\/v2\/posts"}],"about":[{"href":"https:\/\/www.extranoticias.cl\/avisos-legales\/wp-json\/wp\/v2\/types\/post"}],"author":[{"embeddable":true,"href":"https:\/\/www.extranoticias.cl\/avisos-legales\/wp-json\/wp\/v2\/users\/4"}],"replies":[{"embeddable":true,"href":"https:\/\/www.extranoticias.cl\/avisos-legales\/wp-json\/wp\/v2\/comments?post=319"}],"version-history":[{"count":0,"href":"https:\/\/www.extranoticias.cl\/avisos-legales\/wp-json\/wp\/v2\/posts\/319\/revisions"}],"wp:attachment":[{"href":"https:\/\/www.extranoticias.cl\/avisos-legales\/wp-json\/wp\/v2\/media?parent=319"}],"wp:term":[{"taxonomy":"category","embeddable":true,"href":"https:\/\/www.extranoticias.cl\/avisos-legales\/wp-json\/wp\/v2\/categories?post=319"},{"taxonomy":"post_tag","embeddable":true,"href":"https:\/\/www.extranoticias.cl\/avisos-legales\/wp-json\/wp\/v2\/tags?post=319"}],"curies":[{"name":"wp","href":"https:\/\/api.w.org\/{rel}","templated":true}]}}