{"id":9161,"date":"2024-03-12T11:17:15","date_gmt":"2024-03-12T14:17:15","guid":{"rendered":"https:\/\/www.extranoticias.cl\/avisos-legales\/?p=9161"},"modified":"2024-12-10T13:16:00","modified_gmt":"2024-12-10T16:16:00","slug":"l-bosq2-diario-citacion-asamblea-12-03-2024","status":"publish","type":"post","link":"https:\/\/www.extranoticias.cl\/avisos-legales\/l-bosq2-diario-citacion-asamblea-12-03-2024\/","title":{"rendered":"CITACI\u00d3N  CORPORACI\u00d3N BOSQUEDUCA"},"content":{"rendered":"<p>En cumplimiento de los estatutos vigentes, se cita a los socios y socias de la Corporaci\u00f3n Bosqueduca a la Asamblea General Ordinaria del presente a\u00f1o, para el jueves 28 de marzo a las 19.00 horas, en nuestra sede Joaqu\u00edn Godoy 427, La Reina.<\/p>\n<p>La Presidenta.<\/p>\n","protected":false},"excerpt":{"rendered":"<p>En cumplimiento de los estatutos vigentes, se cita a los socios y socias de la Corporaci\u00f3n Bosqueduca a la Asamblea General Ordinaria del presente a\u00f1o, para el jueves 28 de marzo a las 19.00<\/p>\n","protected":false},"author":4,"featured_media":8329,"comment_status":"open","ping_status":"open","sticky":false,"template":"","format":"standard","meta":{"_acf_changed":false,"footnotes":""},"categories":[5,77],"tags":[183,452,451,450,255,226,218,209,187,82,151,136,135,122,93,84,83],"class_list":["post-9161","post","type-post","status-publish","format-standard","has-post-thumbnail","hentry","category-citaciones","category-centrar-titulo","tag-legal","tag-asamblea-de-socios","tag-asamblea-general","tag-asamblea-ordinaria","tag-bosqueduca","tag-clasificados","tag-cobertura","tag-chile","tag-diario-digital","tag-diario","tag-electronico","tag-asamblea","tag-amplia","tag-destacado","tag-citacion","tag-aviso","tag-circulacion-nacional"],"acf":[],"_links":{"self":[{"href":"https:\/\/www.extranoticias.cl\/avisos-legales\/wp-json\/wp\/v2\/posts\/9161","targetHints":{"allow":["GET"]}}],"collection":[{"href":"https:\/\/www.extranoticias.cl\/avisos-legales\/wp-json\/wp\/v2\/posts"}],"about":[{"href":"https:\/\/www.extranoticias.cl\/avisos-legales\/wp-json\/wp\/v2\/types\/post"}],"author":[{"embeddable":true,"href":"https:\/\/www.extranoticias.cl\/avisos-legales\/wp-json\/wp\/v2\/users\/4"}],"replies":[{"embeddable":true,"href":"https:\/\/www.extranoticias.cl\/avisos-legales\/wp-json\/wp\/v2\/comments?post=9161"}],"version-history":[{"count":0,"href":"https:\/\/www.extranoticias.cl\/avisos-legales\/wp-json\/wp\/v2\/posts\/9161\/revisions"}],"wp:featuredmedia":[{"embeddable":true,"href":"https:\/\/www.extranoticias.cl\/avisos-legales\/wp-json\/wp\/v2\/media\/8329"}],"wp:attachment":[{"href":"https:\/\/www.extranoticias.cl\/avisos-legales\/wp-json\/wp\/v2\/media?parent=9161"}],"wp:term":[{"taxonomy":"category","embeddable":true,"href":"https:\/\/www.extranoticias.cl\/avisos-legales\/wp-json\/wp\/v2\/categories?post=9161"},{"taxonomy":"post_tag","embeddable":true,"href":"https:\/\/www.extranoticias.cl\/avisos-legales\/wp-json\/wp\/v2\/tags?post=9161"}],"curies":[{"name":"wp","href":"https:\/\/api.w.org\/{rel}","templated":true}]}}